{"id":856,"date":"2021-10-06T08:42:22","date_gmt":"2021-10-06T08:42:22","guid":{"rendered":"https:\/\/fundacionbotin.org\/en\/?p=856"},"modified":"2021-10-06T08:59:08","modified_gmt":"2021-10-06T08:59:08","slug":"the-fundacion-botin-visual-arts-grants-support-5-artist","status":"publish","type":"post","link":"https:\/\/fundacionbotin.org\/en\/press-room\/the-fundacion-botin-visual-arts-grants-support-5-artist\/","title":{"rendered":"The Fundaci\u00f3n Bot\u00edn Visual Arts Grants support 5 artists and an art duo in their reflection on the world around us"},"content":{"rendered":"\n<ul class=\"wp-block-list\"><li><strong>349 artists from 32 countries applied for the 28th iteration of the annual grants, which were created as a dynamic stimulus to emerging art at the international level.<\/strong><\/li><li><strong>The recipients of these training and research grants will present their artistic projects in the exhibition <em>Itinerarios XXVIII,<\/em> to be hosted by the Centro Bot\u00edn in Santander during 2023.<\/strong><\/li><\/ul>\n\n\n\n<p><strong><em>Santander, 4 October 2021.- <\/em><\/strong>The Fundaci\u00f3n Bot\u00edn has concluded its call for Visual Arts Grants for 2021 with awards to 5 individual artists and an art duo. The beneficiaries of the 28th annual iteration of these grants, intended both for training and for the development of personal and research projects, will present their artistic projects in the exhibition <em>Itinerarios XXVIII<\/em> at the Centro Bot\u00edn, which is scheduled to take place in 2023.<\/p>\n\n\n\n<p>The selected artists are <strong>Luz Broto<\/strong> (Barcelona, 1982), <strong>Luc\u00eda C. Pino<\/strong> (Valencia, 1977), <strong>Fernando Garc\u00eda Dory<\/strong> (Madrid, 1978), <strong>Henrique Pav<\/strong><strong>\u00e3o<\/strong> (Lisboa, Portugal, 1991), <strong>Jorge Ribalta<\/strong> (Barcelona, 1963) and the art duo of <strong>Patricia G\u00f3mez<\/strong> (Valencia, 1978) and<strong> Mar\u00eda Jes\u00fas Gonz\u00e1lez<\/strong> (Valencia, 1978).<\/p>\n\n\n\n<p>In a difficult year, marked by a public health crisis and a significant economic downturn, these grants are a clear manifestation of support for art. According to the Jury of this call, through these grants, \u2018the Fundaci\u00f3n Bot\u00edn offers a unique opportunity for artists in their need to continue their work, as well as to investigate, question and reflect on the world around us.\u2019<\/p>\n\n\n\n<p>Since the initiative was launched in 1993, more than 200 artists have received one of these grants, which act as a vital stimulus to upcoming art. In this, their 28th year, 349 applications have been received from 32 countries. Although most of this year\u2019s applicants are Spanish, there is also a major Latin American presence, with 26 artists from Colombia, 24 from Argentina and 21 each from Cuba and Mexico. These figures confirm the international reach of the Foundation\u2019s support for training and the development of personal and research projects in the field of artistic creation rather than theoretical work.<\/p>\n\n\n\n<p>The jury tasked with evaluating the entries was made up of Sandra Guimar\u00e3es, artistic director of the Bombas Gens art centre in Valencia; Maider L\u00f3pez, a creative artist who intervenes in architecture and the public space (who was awarded a Visual Arts Grant in 1998); Manuel Segade, director of the Dos de Mayo art centre in M\u00f3stoles; and the visual artist Jorge Yeregui (who was awarded a Fundaci\u00f3n Bot\u00edn grant in 2013).<\/p>\n\n\n\n<p>In the words of the jury: \u2018All the themes addressed by the selected artists \u2013 the breaking of limits, historical memory, the new materialisms, critical museology, the vindication of art as a research tool, and the climate emergency \u2013 engage with the great problems facing artistic practices in society today.\u2019<\/p>\n\n\n\n<p><strong>Each of the grants has an expected duration of 9 months and includes a financial endowment of 23,000 euros to cover travel, accommodation, living expenses and studio rent, and also health insurance in cases where it is necessary for the recipient to travel outside of their country of residence.<\/strong> Beyond the period of the grant, the Fundaci\u00f3n Bot\u00edn continues to support the artists beyond the period of the grant, taking a close interest in their progress and, where appropriate, purchasing works by them for its Collection.<\/p>\n\n\n\n<p>The financial endowment will be complemented by <strong>the first public showing of the works created by the artists during the period of the grant at the <em>Itinerarios XXVIII<\/em> exhibition at the Centro Bot\u00edn<\/strong>. This group exhibition, which aims to provide greater visibility to the artists and their projects, is currently preparing to open on 12 November, presenting the works by the recipients of the 26th annual Visual Arts Grants.<\/p>\n","protected":false},"excerpt":{"rendered":"<p>349 artists from 32 countries applied for the 28th iteration of the annual grants, which were created as a dynamic stimulus to emerging art at the international level. The recipients of these training and research grants will present their artistic projects in the exhibition Itinerarios XXVIII, to be hosted by the Centro Bot\u00edn in Santander [&hellip;]<\/p>\n","protected":false},"author":3,"featured_media":859,"comment_status":"open","ping_status":"open","sticky":false,"template":"","format":"standard","meta":{"_acf_changed":false,"footnotes":""},"categories":[11],"tags":[],"class_list":["post-856","post","type-post","status-publish","format-standard","has-post-thumbnail","hentry","category-granst-and-workshops"],"acf":[],"yoast_head":"<!-- This site is optimized with the Yoast SEO plugin v27.5 - https:\/\/yoast.com\/product\/yoast-seo-wordpress\/ -->\n<title>The Fundaci\u00f3n Bot\u00edn Visual Arts Grants support 5 artists and an art duo in their reflection on the world around us - Botin Foundation<\/title>\n<meta name=\"robots\" content=\"index, follow, max-snippet:-1, max-image-preview:large, max-video-preview:-1\" \/>\n<link rel=\"canonical\" href=\"https:\/\/fundacionbotin.org\/en\/press-room\/the-fundacion-botin-visual-arts-grants-support-5-artist\/\" \/>\n<meta property=\"og:locale\" content=\"en_GB\" \/>\n<meta property=\"og:type\" content=\"article\" \/>\n<meta property=\"og:title\" content=\"The Fundaci\u00f3n Bot\u00edn Visual Arts Grants support 5 artists and an art duo in their reflection on the world around us - Botin Foundation\" \/>\n<meta property=\"og:description\" content=\"349 artists from 32 countries applied for the 28th iteration of the annual grants, which were created as a dynamic stimulus to emerging art at the international level. The recipients of these training and research grants will present their artistic projects in the exhibition Itinerarios XXVIII, to be hosted by the Centro Bot\u00edn in Santander [&hellip;]\" \/>\n<meta property=\"og:url\" content=\"https:\/\/fundacionbotin.org\/en\/press-room\/the-fundacion-botin-visual-arts-grants-support-5-artist\/\" \/>\n<meta property=\"og:site_name\" content=\"Botin Foundation\" \/>\n<meta property=\"article:published_time\" content=\"2021-10-06T08:42:22+00:00\" \/>\n<meta property=\"article:modified_time\" content=\"2021-10-06T08:59:08+00:00\" \/>\n<meta property=\"og:image\" content=\"https:\/\/fundacionbotin.org\/en\/wp-content\/uploads\/sites\/2\/2021\/10\/Foto-Jurado-Becas-AAPP-2021_Belen-de-Benito2-scaled.jpg\" \/>\n\t<meta property=\"og:image:width\" content=\"2560\" \/>\n\t<meta property=\"og:image:height\" content=\"1706\" \/>\n\t<meta property=\"og:image:type\" content=\"image\/jpeg\" \/>\n<meta name=\"twitter:card\" content=\"summary_large_image\" \/>\n<meta name=\"twitter:label1\" content=\"Written by\" \/>\n\t<meta name=\"twitter:data1\" content=\"\" \/>\n\t<meta name=\"twitter:label2\" content=\"Estimated reading time\" \/>\n\t<meta name=\"twitter:data2\" content=\"3 minutes\" \/>\n<script type=\"application\/ld+json\" class=\"yoast-schema-graph\">{\"@context\":\"https:\\\/\\\/schema.org\",\"@graph\":[{\"@type\":\"Article\",\"@id\":\"https:\\\/\\\/fundacionbotin.org\\\/en\\\/press-room\\\/the-fundacion-botin-visual-arts-grants-support-5-artist\\\/#article\",\"isPartOf\":{\"@id\":\"https:\\\/\\\/fundacionbotin.org\\\/en\\\/press-room\\\/the-fundacion-botin-visual-arts-grants-support-5-artist\\\/\"},\"author\":{\"name\":\"\",\"@id\":\"\"},\"headline\":\"The Fundaci\u00f3n Bot\u00edn Visual Arts Grants support 5 artists and an art duo in their reflection on the world around us\",\"datePublished\":\"2021-10-06T08:42:22+00:00\",\"dateModified\":\"2021-10-06T08:59:08+00:00\",\"mainEntityOfPage\":{\"@id\":\"https:\\\/\\\/fundacionbotin.org\\\/en\\\/press-room\\\/the-fundacion-botin-visual-arts-grants-support-5-artist\\\/\"},\"wordCount\":629,\"commentCount\":0,\"publisher\":{\"@id\":\"https:\\\/\\\/fundacionbotin.org\\\/en\\\/#organization\"},\"image\":{\"@id\":\"https:\\\/\\\/fundacionbotin.org\\\/en\\\/press-room\\\/the-fundacion-botin-visual-arts-grants-support-5-artist\\\/#primaryimage\"},\"thumbnailUrl\":\"https:\\\/\\\/fundacionbotin.org\\\/en\\\/wp-content\\\/uploads\\\/sites\\\/2\\\/2021\\\/10\\\/Foto-Jurado-Becas-AAPP-2021_Belen-de-Benito2-scaled.jpg\",\"articleSection\":[\"Grants and Workshops\"],\"inLanguage\":\"en-GB\",\"potentialAction\":[{\"@type\":\"CommentAction\",\"name\":\"Comment\",\"target\":[\"https:\\\/\\\/fundacionbotin.org\\\/en\\\/press-room\\\/the-fundacion-botin-visual-arts-grants-support-5-artist\\\/#respond\"]}]},{\"@type\":\"WebPage\",\"@id\":\"https:\\\/\\\/fundacionbotin.org\\\/en\\\/press-room\\\/the-fundacion-botin-visual-arts-grants-support-5-artist\\\/\",\"url\":\"https:\\\/\\\/fundacionbotin.org\\\/en\\\/press-room\\\/the-fundacion-botin-visual-arts-grants-support-5-artist\\\/\",\"name\":\"The Fundaci\u00f3n Bot\u00edn Visual Arts Grants support 5 artists and an art duo in their reflection on the world around us - Botin Foundation\",\"isPartOf\":{\"@id\":\"https:\\\/\\\/fundacionbotin.org\\\/en\\\/#website\"},\"primaryImageOfPage\":{\"@id\":\"https:\\\/\\\/fundacionbotin.org\\\/en\\\/press-room\\\/the-fundacion-botin-visual-arts-grants-support-5-artist\\\/#primaryimage\"},\"image\":{\"@id\":\"https:\\\/\\\/fundacionbotin.org\\\/en\\\/press-room\\\/the-fundacion-botin-visual-arts-grants-support-5-artist\\\/#primaryimage\"},\"thumbnailUrl\":\"https:\\\/\\\/fundacionbotin.org\\\/en\\\/wp-content\\\/uploads\\\/sites\\\/2\\\/2021\\\/10\\\/Foto-Jurado-Becas-AAPP-2021_Belen-de-Benito2-scaled.jpg\",\"datePublished\":\"2021-10-06T08:42:22+00:00\",\"dateModified\":\"2021-10-06T08:59:08+00:00\",\"breadcrumb\":{\"@id\":\"https:\\\/\\\/fundacionbotin.org\\\/en\\\/press-room\\\/the-fundacion-botin-visual-arts-grants-support-5-artist\\\/#breadcrumb\"},\"inLanguage\":\"en-GB\",\"potentialAction\":[{\"@type\":\"ReadAction\",\"target\":[\"https:\\\/\\\/fundacionbotin.org\\\/en\\\/press-room\\\/the-fundacion-botin-visual-arts-grants-support-5-artist\\\/\"]}]},{\"@type\":\"ImageObject\",\"inLanguage\":\"en-GB\",\"@id\":\"https:\\\/\\\/fundacionbotin.org\\\/en\\\/press-room\\\/the-fundacion-botin-visual-arts-grants-support-5-artist\\\/#primaryimage\",\"url\":\"https:\\\/\\\/fundacionbotin.org\\\/en\\\/wp-content\\\/uploads\\\/sites\\\/2\\\/2021\\\/10\\\/Foto-Jurado-Becas-AAPP-2021_Belen-de-Benito2-scaled.jpg\",\"contentUrl\":\"https:\\\/\\\/fundacionbotin.org\\\/en\\\/wp-content\\\/uploads\\\/sites\\\/2\\\/2021\\\/10\\\/Foto-Jurado-Becas-AAPP-2021_Belen-de-Benito2-scaled.jpg\",\"width\":2560,\"height\":1706},{\"@type\":\"BreadcrumbList\",\"@id\":\"https:\\\/\\\/fundacionbotin.org\\\/en\\\/press-room\\\/the-fundacion-botin-visual-arts-grants-support-5-artist\\\/#breadcrumb\",\"itemListElement\":[{\"@type\":\"ListItem\",\"position\":1,\"name\":\"Portada\",\"item\":\"https:\\\/\\\/fundacionbotin.org\\\/en\\\/\"},{\"@type\":\"ListItem\",\"position\":2,\"name\":\"The Fundaci\u00f3n Bot\u00edn Visual Arts Grants support 5 artists and an art duo in their reflection on the world around us\"}]},{\"@type\":\"WebSite\",\"@id\":\"https:\\\/\\\/fundacionbotin.org\\\/en\\\/#website\",\"url\":\"https:\\\/\\\/fundacionbotin.org\\\/en\\\/\",\"name\":\"Botin Foundation\",\"description\":\"Comprehensive development of society and creative talent\",\"publisher\":{\"@id\":\"https:\\\/\\\/fundacionbotin.org\\\/en\\\/#organization\"},\"potentialAction\":[{\"@type\":\"SearchAction\",\"target\":{\"@type\":\"EntryPoint\",\"urlTemplate\":\"https:\\\/\\\/fundacionbotin.org\\\/en\\\/?s={search_term_string}\"},\"query-input\":{\"@type\":\"PropertyValueSpecification\",\"valueRequired\":true,\"valueName\":\"search_term_string\"}}],\"inLanguage\":\"en-GB\"},{\"@type\":\"Organization\",\"@id\":\"https:\\\/\\\/fundacionbotin.org\\\/en\\\/#organization\",\"name\":\"Botin Foundation\",\"url\":\"https:\\\/\\\/fundacionbotin.org\\\/en\\\/\",\"logo\":{\"@type\":\"ImageObject\",\"inLanguage\":\"en-GB\",\"@id\":\"https:\\\/\\\/fundacionbotin.org\\\/en\\\/#\\\/schema\\\/logo\\\/image\\\/\",\"url\":\"https:\\\/\\\/fundacionbotin.org\\\/en\\\/wp-content\\\/uploads\\\/sites\\\/2\\\/2021\\\/06\\\/botin-foundation-logo.png\",\"contentUrl\":\"https:\\\/\\\/fundacionbotin.org\\\/en\\\/wp-content\\\/uploads\\\/sites\\\/2\\\/2021\\\/06\\\/botin-foundation-logo.png\",\"width\":100,\"height\":96,\"caption\":\"Botin Foundation\"},\"image\":{\"@id\":\"https:\\\/\\\/fundacionbotin.org\\\/en\\\/#\\\/schema\\\/logo\\\/image\\\/\"}},{\"@type\":\"Person\",\"@id\":\"\",\"url\":\"https:\\\/\\\/fundacionbotin.org\\\/en\\\/press-room\\\/author\\\/\"}]}<\/script>\n<!-- \/ Yoast SEO plugin. -->","yoast_head_json":{"title":"The Fundaci\u00f3n Bot\u00edn Visual Arts Grants support 5 artists and an art duo in their reflection on the world around us - Botin Foundation","robots":{"index":"index","follow":"follow","max-snippet":"max-snippet:-1","max-image-preview":"max-image-preview:large","max-video-preview":"max-video-preview:-1"},"canonical":"https:\/\/fundacionbotin.org\/en\/press-room\/the-fundacion-botin-visual-arts-grants-support-5-artist\/","og_locale":"en_GB","og_type":"article","og_title":"The Fundaci\u00f3n Bot\u00edn Visual Arts Grants support 5 artists and an art duo in their reflection on the world around us - Botin Foundation","og_description":"349 artists from 32 countries applied for the 28th iteration of the annual grants, which were created as a dynamic stimulus to emerging art at the international level. The recipients of these training and research grants will present their artistic projects in the exhibition Itinerarios XXVIII, to be hosted by the Centro Bot\u00edn in Santander [&hellip;]","og_url":"https:\/\/fundacionbotin.org\/en\/press-room\/the-fundacion-botin-visual-arts-grants-support-5-artist\/","og_site_name":"Botin Foundation","article_published_time":"2021-10-06T08:42:22+00:00","article_modified_time":"2021-10-06T08:59:08+00:00","og_image":[{"width":2560,"height":1706,"url":"https:\/\/fundacionbotin.org\/en\/wp-content\/uploads\/sites\/2\/2021\/10\/Foto-Jurado-Becas-AAPP-2021_Belen-de-Benito2-scaled.jpg","type":"image\/jpeg"}],"twitter_card":"summary_large_image","twitter_misc":{"Written by":"","Estimated reading time":"3 minutes"},"schema":{"@context":"https:\/\/schema.org","@graph":[{"@type":"Article","@id":"https:\/\/fundacionbotin.org\/en\/press-room\/the-fundacion-botin-visual-arts-grants-support-5-artist\/#article","isPartOf":{"@id":"https:\/\/fundacionbotin.org\/en\/press-room\/the-fundacion-botin-visual-arts-grants-support-5-artist\/"},"author":{"name":"","@id":""},"headline":"The Fundaci\u00f3n Bot\u00edn Visual Arts Grants support 5 artists and an art duo in their reflection on the world around us","datePublished":"2021-10-06T08:42:22+00:00","dateModified":"2021-10-06T08:59:08+00:00","mainEntityOfPage":{"@id":"https:\/\/fundacionbotin.org\/en\/press-room\/the-fundacion-botin-visual-arts-grants-support-5-artist\/"},"wordCount":629,"commentCount":0,"publisher":{"@id":"https:\/\/fundacionbotin.org\/en\/#organization"},"image":{"@id":"https:\/\/fundacionbotin.org\/en\/press-room\/the-fundacion-botin-visual-arts-grants-support-5-artist\/#primaryimage"},"thumbnailUrl":"https:\/\/fundacionbotin.org\/en\/wp-content\/uploads\/sites\/2\/2021\/10\/Foto-Jurado-Becas-AAPP-2021_Belen-de-Benito2-scaled.jpg","articleSection":["Grants and Workshops"],"inLanguage":"en-GB","potentialAction":[{"@type":"CommentAction","name":"Comment","target":["https:\/\/fundacionbotin.org\/en\/press-room\/the-fundacion-botin-visual-arts-grants-support-5-artist\/#respond"]}]},{"@type":"WebPage","@id":"https:\/\/fundacionbotin.org\/en\/press-room\/the-fundacion-botin-visual-arts-grants-support-5-artist\/","url":"https:\/\/fundacionbotin.org\/en\/press-room\/the-fundacion-botin-visual-arts-grants-support-5-artist\/","name":"The Fundaci\u00f3n Bot\u00edn Visual Arts Grants support 5 artists and an art duo in their reflection on the world around us - Botin Foundation","isPartOf":{"@id":"https:\/\/fundacionbotin.org\/en\/#website"},"primaryImageOfPage":{"@id":"https:\/\/fundacionbotin.org\/en\/press-room\/the-fundacion-botin-visual-arts-grants-support-5-artist\/#primaryimage"},"image":{"@id":"https:\/\/fundacionbotin.org\/en\/press-room\/the-fundacion-botin-visual-arts-grants-support-5-artist\/#primaryimage"},"thumbnailUrl":"https:\/\/fundacionbotin.org\/en\/wp-content\/uploads\/sites\/2\/2021\/10\/Foto-Jurado-Becas-AAPP-2021_Belen-de-Benito2-scaled.jpg","datePublished":"2021-10-06T08:42:22+00:00","dateModified":"2021-10-06T08:59:08+00:00","breadcrumb":{"@id":"https:\/\/fundacionbotin.org\/en\/press-room\/the-fundacion-botin-visual-arts-grants-support-5-artist\/#breadcrumb"},"inLanguage":"en-GB","potentialAction":[{"@type":"ReadAction","target":["https:\/\/fundacionbotin.org\/en\/press-room\/the-fundacion-botin-visual-arts-grants-support-5-artist\/"]}]},{"@type":"ImageObject","inLanguage":"en-GB","@id":"https:\/\/fundacionbotin.org\/en\/press-room\/the-fundacion-botin-visual-arts-grants-support-5-artist\/#primaryimage","url":"https:\/\/fundacionbotin.org\/en\/wp-content\/uploads\/sites\/2\/2021\/10\/Foto-Jurado-Becas-AAPP-2021_Belen-de-Benito2-scaled.jpg","contentUrl":"https:\/\/fundacionbotin.org\/en\/wp-content\/uploads\/sites\/2\/2021\/10\/Foto-Jurado-Becas-AAPP-2021_Belen-de-Benito2-scaled.jpg","width":2560,"height":1706},{"@type":"BreadcrumbList","@id":"https:\/\/fundacionbotin.org\/en\/press-room\/the-fundacion-botin-visual-arts-grants-support-5-artist\/#breadcrumb","itemListElement":[{"@type":"ListItem","position":1,"name":"Portada","item":"https:\/\/fundacionbotin.org\/en\/"},{"@type":"ListItem","position":2,"name":"The Fundaci\u00f3n Bot\u00edn Visual Arts Grants support 5 artists and an art duo in their reflection on the world around us"}]},{"@type":"WebSite","@id":"https:\/\/fundacionbotin.org\/en\/#website","url":"https:\/\/fundacionbotin.org\/en\/","name":"Botin Foundation","description":"Comprehensive development of society and creative talent","publisher":{"@id":"https:\/\/fundacionbotin.org\/en\/#organization"},"potentialAction":[{"@type":"SearchAction","target":{"@type":"EntryPoint","urlTemplate":"https:\/\/fundacionbotin.org\/en\/?s={search_term_string}"},"query-input":{"@type":"PropertyValueSpecification","valueRequired":true,"valueName":"search_term_string"}}],"inLanguage":"en-GB"},{"@type":"Organization","@id":"https:\/\/fundacionbotin.org\/en\/#organization","name":"Botin Foundation","url":"https:\/\/fundacionbotin.org\/en\/","logo":{"@type":"ImageObject","inLanguage":"en-GB","@id":"https:\/\/fundacionbotin.org\/en\/#\/schema\/logo\/image\/","url":"https:\/\/fundacionbotin.org\/en\/wp-content\/uploads\/sites\/2\/2021\/06\/botin-foundation-logo.png","contentUrl":"https:\/\/fundacionbotin.org\/en\/wp-content\/uploads\/sites\/2\/2021\/06\/botin-foundation-logo.png","width":100,"height":96,"caption":"Botin Foundation"},"image":{"@id":"https:\/\/fundacionbotin.org\/en\/#\/schema\/logo\/image\/"}},{"@type":"Person","@id":"","url":"https:\/\/fundacionbotin.org\/en\/press-room\/author\/"}]}},"_links":{"self":[{"href":"https:\/\/fundacionbotin.org\/en\/wp-json\/wp\/v2\/posts\/856","targetHints":{"allow":["GET"]}}],"collection":[{"href":"https:\/\/fundacionbotin.org\/en\/wp-json\/wp\/v2\/posts"}],"about":[{"href":"https:\/\/fundacionbotin.org\/en\/wp-json\/wp\/v2\/types\/post"}],"author":[{"embeddable":true,"href":"https:\/\/fundacionbotin.org\/en\/wp-json\/wp\/v2\/users\/3"}],"replies":[{"embeddable":true,"href":"https:\/\/fundacionbotin.org\/en\/wp-json\/wp\/v2\/comments?post=856"}],"version-history":[{"count":2,"href":"https:\/\/fundacionbotin.org\/en\/wp-json\/wp\/v2\/posts\/856\/revisions"}],"predecessor-version":[{"id":860,"href":"https:\/\/fundacionbotin.org\/en\/wp-json\/wp\/v2\/posts\/856\/revisions\/860"}],"wp:featuredmedia":[{"embeddable":true,"href":"https:\/\/fundacionbotin.org\/en\/wp-json\/wp\/v2\/media\/859"}],"wp:attachment":[{"href":"https:\/\/fundacionbotin.org\/en\/wp-json\/wp\/v2\/media?parent=856"}],"wp:term":[{"taxonomy":"category","embeddable":true,"href":"https:\/\/fundacionbotin.org\/en\/wp-json\/wp\/v2\/categories?post=856"},{"taxonomy":"post_tag","embeddable":true,"href":"https:\/\/fundacionbotin.org\/en\/wp-json\/wp\/v2\/tags?post=856"}],"curies":[{"name":"wp","href":"https:\/\/api.w.org\/{rel}","templated":true}]}}